{"id":99,"date":"2023-07-19T07:54:08","date_gmt":"2023-07-19T07:54:08","guid":{"rendered":"https:\/\/lichtblicke-bestattung.de\/?p=99"},"modified":"2025-05-07T08:05:38","modified_gmt":"2025-05-07T08:05:38","slug":"basispaket-erdbestattung","status":"publish","type":"post","link":"https:\/\/lichtblicke-bestattung.de\/?p=99","title":{"rendered":"Erdbestattung BasisPaket"},"content":{"rendered":"\n<p>Erdbestattung &#8211; Basispaket<\/p>\n\n\n\n<p>Unsere Leistungen<\/p>\n\n\n\n<p>Beratung f\u00fcr eine Erdbestattung mit Trauerfeier, Beratung bei der Grab und Friedhofswahl, bei der Auswahl des Sarges, des Blumenschmucks, der Dekoration, der Trauermusik sowie Vermittlung und Terminvereinbarung mit Beh\u00f6rden, dem Pfarramt und dem Organisten.<\/p>\n\n\n\n<p>\u00dcberf\u00fchrung des Verstorbenen vom Sterbeort im Stadtgebiet Freiburg sowie der Benutzung einer \u00dcberf\u00fchrungstrage mit Hygienelaken.<\/p>\n\n\n\n<p>Hygienische Grundversorgung des Verstorbenen, ankleiden mit einem Sterbetalar oder eigener Kleidung sowie das Einbetten in den von Ihnen gew\u00fcnschten Sarg.<\/p>\n\n\n\n<p>Unterbringen des Verstorbenen zwischen der \u00dcberf\u00fchrung des Verstorbenen und der Beerdigung in einem daf\u00fcr vorgesehenen K\u00fchlraum. *<\/p>\n\n\n\n<p>\u00dcberf\u00fchrung des Verstorbenen zu einem Friedhof im Stadtgebiet Freiburg<\/p>\n\n\n\n<p>Erledigung der Formalit\u00e4ten (Aufnahme der notwendigen Personenstandsdaten und Anmeldung des Sterbefalls bei dem zust\u00e4ndigen Standesamt, Abmeldung der Krankenkasse, der Rente und beantragen der \u00dcbergangsrente)<\/p>\n\n\n\n<p>Unsere Lieferungen<\/p>\n\n\n\n<p>Kiefernsarg Nr. 12\/195, Vollholz, gebeizt, eine Kehlung im Sargoberteil, vier Griffe, einschlie\u00dflich des Innenausschlag aus Viskose<\/p>\n\n\n\n<p>Herren- oder Damentalar in wei\u00df<\/p>\n\n\n\n<p>Schlichte Decke und Kissen aus Viskose mit Volant in wei\u00df<\/p>\n\n\n\n<p>inklusive 19% Mehrwertsteuer \u00a0\u00a0 GESAMT \u00a0\u00a0\u00a0\u00a0\u00a0 EUR\u00a0\u00a0\u00a0\u00a0\u00a0\u00a0\u00a0\u00a0\u00a0\u00a0\u00a0\u00a0\u00a0\u00a0 1.990,00 \u20ac **<\/p>\n\n\n\n<p>* max. 4 Tage, jeder weiterer Tag 50,- \u20ac<\/p>\n\n\n\n<p>** zzgl. Auslagen wie Sterbeurkunden, Arztkosten, Kremation und Friedhofsgeb\u00fchren, etc<\/p>\n","protected":false},"excerpt":{"rendered":"<p>Erdbestattung &#8211; Basispaket Unsere Leistungen Beratung f\u00fcr eine Erdbestattung mit Trauerfeier, Beratung bei der Grab und Friedhofswahl, bei der Auswahl des Sarges, des Blumenschmucks, der Dekoration, der Trauermusik sowie Vermittlung und Terminvereinbarung mit Beh\u00f6rden, dem Pfarramt und dem Organisten. \u00dcberf\u00fchrung des Verstorbenen vom Sterbeort im Stadtgebiet Freiburg sowie der Benutzung einer \u00dcberf\u00fchrungstrage mit Hygienelaken. Hygienische &hellip; <\/p>\n<p class=\"link-more\"><a href=\"https:\/\/lichtblicke-bestattung.de\/?p=99\" class=\"more-link\"><span class=\"screen-reader-text\">\u201eErdbestattung BasisPaket\u201c<\/span> weiterlesen<\/a><\/p>\n","protected":false},"author":1,"featured_media":0,"comment_status":"closed","ping_status":"closed","sticky":false,"template":"","format":"standard","meta":{"footnotes":""},"categories":[4],"tags":[],"_links":{"self":[{"href":"https:\/\/lichtblicke-bestattung.de\/index.php?rest_route=\/wp\/v2\/posts\/99"}],"collection":[{"href":"https:\/\/lichtblicke-bestattung.de\/index.php?rest_route=\/wp\/v2\/posts"}],"about":[{"href":"https:\/\/lichtblicke-bestattung.de\/index.php?rest_route=\/wp\/v2\/types\/post"}],"author":[{"embeddable":true,"href":"https:\/\/lichtblicke-bestattung.de\/index.php?rest_route=\/wp\/v2\/users\/1"}],"replies":[{"embeddable":true,"href":"https:\/\/lichtblicke-bestattung.de\/index.php?rest_route=%2Fwp%2Fv2%2Fcomments&post=99"}],"version-history":[{"count":7,"href":"https:\/\/lichtblicke-bestattung.de\/index.php?rest_route=\/wp\/v2\/posts\/99\/revisions"}],"predecessor-version":[{"id":170,"href":"https:\/\/lichtblicke-bestattung.de\/index.php?rest_route=\/wp\/v2\/posts\/99\/revisions\/170"}],"wp:attachment":[{"href":"https:\/\/lichtblicke-bestattung.de\/index.php?rest_route=%2Fwp%2Fv2%2Fmedia&parent=99"}],"wp:term":[{"taxonomy":"category","embeddable":true,"href":"https:\/\/lichtblicke-bestattung.de\/index.php?rest_route=%2Fwp%2Fv2%2Fcategories&post=99"},{"taxonomy":"post_tag","embeddable":true,"href":"https:\/\/lichtblicke-bestattung.de\/index.php?rest_route=%2Fwp%2Fv2%2Ftags&post=99"}],"curies":[{"name":"wp","href":"https:\/\/api.w.org\/{rel}","templated":true}]}}