{"id":85,"date":"2023-07-17T08:00:48","date_gmt":"2023-07-17T08:00:48","guid":{"rendered":"https:\/\/lichtblicke-bestattung.de\/?p=85"},"modified":"2025-05-07T08:04:19","modified_gmt":"2025-05-07T08:04:19","slug":"bestattungsverband","status":"publish","type":"post","link":"https:\/\/lichtblicke-bestattung.de\/?p=85","title":{"rendered":"Feuerbestattung StandardPaket"},"content":{"rendered":"\n<p>Feuerbestattung &#8211; Standardpaket<\/p>\n\n\n\n<p>Unsere Leistungen<\/p>\n\n\n\n<p>Beratung f\u00fcr eine Feuerbestattung mit Trauerfeier, Beratung bei der Grab und Friedhofswahl, bei der Auswahl des Sarges, des Blumenschmucks, der Dekoration, der Trauermusik sowie Vermittlung und Terminvereinbarung mit Beh\u00f6rden, dem Pfarramt und dem Organisten.<\/p>\n\n\n\n<p>\u00dcberf\u00fchrung des Verstorbenen vom Sterbeort im Stadtgebiet Freiburg, Gundelfingen, Heuweiler, Denzlingen, V\u00f6rstetten, March, Umkrich, Merzhausen, Au, Ebringen oder Schallstadt zu unserem Bestattungsinstitut sowie der Benutzung einer \u00dcberf\u00fchrungstrage mit Hygienelaken.<\/p>\n\n\n\n<p>Hygienische Grundversorgung des Verstorbenen, ankleiden mit einem Sterbetalar oder eigener Kleidung sowie das Einbetten in den von Ihnen gew\u00fcnschten Sarg.<\/p>\n\n\n\n<p>Unterbringen des Verstorbenen zwischen der \u00dcberf\u00fchrung des Verstorbenen und der Beerdigung in einem daf\u00fcr vorgesehenen K\u00fchlraum. *<\/p>\n\n\n\n<p>Zwei Tage Abschiedsnahme in einem Aufbahrungsraum am Hauptfriedhof<\/p>\n\n\n\n<p>\u00dcberf\u00fchrung des Verstorbenen von unserem Bestattungsinstitut zu dem Krematorium in Sau\u00dfheim sowie R\u00fcckholung der Aschenkapsel zum Bestattungsinstitut<\/p>\n\n\n\n<p>Vorbereiten und Gestalten der Trauerfeier oder der Urnenabschiedsfeier incl. Gestellen einer Katafalkdecke, T\u00fcchern, Kerzen sowie das dekorieren des Blumenschmucks.<\/p>\n\n\n\n<p>\u00dcberf\u00fchrung der Urne zu einem Friedhof im Stadtgebiet Freiburg, Gundelfingen, Heuweiler, Denzlingen, V\u00f6rstetten, March, Umkirch, Merzhausen, Au, Ebringen oder Schallstadt zu unserem Bestattungsinstitut.<\/p>\n\n\n\n<p>Erledigung der Formalit\u00e4ten (Aufnahme der notwendigen Personenstandsdaten und Anmeldung des Sterbefalls bei dem zust\u00e4ndigen Standesamt, Abmeldung der Krankenkasse, der Rente und beantragen der \u00dcbergangsrente)<\/p>\n\n\n\n<p>Unsere Lieferungen<\/p>\n\n\n\n<p>Schlichter Kiefernsarg<\/p>\n\n\n\n<p>Herren- oder Damentalar in wei\u00df<\/p>\n\n\n\n<p>Schlichte Decke und Kissen aus Viskose mit Volant in wei\u00df<\/p>\n\n\n\n<p>Urnenkapsel <\/p>\n\n\n\n<p>Schmuckurne (Naturstoff einfach)<\/p>\n\n\n\n<p>inklusive 19% Mehrwertsteuer \u00a0\u00a0\u00a0 GESAMT \u00a0\u00a0\u00a0\u00a0\u00a0 EUR\u00a0\u00a0\u00a0\u00a0\u00a0\u00a0\u00a0\u00a0\u00a0\u00a0\u00a0\u00a0\u00a0\u00a02.490,00 \u20ac **<\/p>\n\n\n\n<p>* max. 4 Tage, jeder weiterer Tag 50,- \u20ac<\/p>\n\n\n\n<p>** zzgl. Auslagen wie Sterbeurkunden, Arztkosten, Kremation und Friedhofsgeb\u00fchren<\/p>\n","protected":false},"excerpt":{"rendered":"<p>Feuerbestattung &#8211; Standardpaket Unsere Leistungen Beratung f\u00fcr eine Feuerbestattung mit Trauerfeier, Beratung bei der Grab und Friedhofswahl, bei der Auswahl des Sarges, des Blumenschmucks, der Dekoration, der Trauermusik sowie Vermittlung und Terminvereinbarung mit Beh\u00f6rden, dem Pfarramt und dem Organisten. \u00dcberf\u00fchrung des Verstorbenen vom Sterbeort im Stadtgebiet Freiburg, Gundelfingen, Heuweiler, Denzlingen, V\u00f6rstetten, March, Umkrich, Merzhausen, Au, &hellip; <\/p>\n<p class=\"link-more\"><a href=\"https:\/\/lichtblicke-bestattung.de\/?p=85\" class=\"more-link\"><span class=\"screen-reader-text\">\u201eFeuerbestattung StandardPaket\u201c<\/span> weiterlesen<\/a><\/p>\n","protected":false},"author":1,"featured_media":0,"comment_status":"closed","ping_status":"closed","sticky":false,"template":"","format":"standard","meta":{"footnotes":""},"categories":[4],"tags":[],"_links":{"self":[{"href":"https:\/\/lichtblicke-bestattung.de\/index.php?rest_route=\/wp\/v2\/posts\/85"}],"collection":[{"href":"https:\/\/lichtblicke-bestattung.de\/index.php?rest_route=\/wp\/v2\/posts"}],"about":[{"href":"https:\/\/lichtblicke-bestattung.de\/index.php?rest_route=\/wp\/v2\/types\/post"}],"author":[{"embeddable":true,"href":"https:\/\/lichtblicke-bestattung.de\/index.php?rest_route=\/wp\/v2\/users\/1"}],"replies":[{"embeddable":true,"href":"https:\/\/lichtblicke-bestattung.de\/index.php?rest_route=%2Fwp%2Fv2%2Fcomments&post=85"}],"version-history":[{"count":8,"href":"https:\/\/lichtblicke-bestattung.de\/index.php?rest_route=\/wp\/v2\/posts\/85\/revisions"}],"predecessor-version":[{"id":169,"href":"https:\/\/lichtblicke-bestattung.de\/index.php?rest_route=\/wp\/v2\/posts\/85\/revisions\/169"}],"wp:attachment":[{"href":"https:\/\/lichtblicke-bestattung.de\/index.php?rest_route=%2Fwp%2Fv2%2Fmedia&parent=85"}],"wp:term":[{"taxonomy":"category","embeddable":true,"href":"https:\/\/lichtblicke-bestattung.de\/index.php?rest_route=%2Fwp%2Fv2%2Fcategories&post=85"},{"taxonomy":"post_tag","embeddable":true,"href":"https:\/\/lichtblicke-bestattung.de\/index.php?rest_route=%2Fwp%2Fv2%2Ftags&post=85"}],"curies":[{"name":"wp","href":"https:\/\/api.w.org\/{rel}","templated":true}]}}